{"id":5002,"date":"2021-08-23T14:32:09","date_gmt":"2021-08-23T12:32:09","guid":{"rendered":"http:\/\/www.atopika.org\/?p=5002"},"modified":"2023-05-21T00:36:47","modified_gmt":"2023-05-20T22:36:47","slug":"svetovni-dan-atopijskega-dermatitisa-14-september-2021","status":"publish","type":"post","link":"https:\/\/www.atopika.org\/en\/2021\/08\/23\/svetovni-dan-atopijskega-dermatitisa-14-september-2021\/","title":{"rendered":"Svetovni dan atopijskega dermatitisa, 14. september 2021"},"content":{"rendered":"\t\t<div data-elementor-type=\"wp-post\" data-elementor-id=\"5002\" class=\"elementor elementor-5002\" data-elementor-post-type=\"post\">\n\t\t\t\t\t\t<section class=\"elementor-section elementor-top-section elementor-element elementor-element-e7f8207 elementor-section-boxed elementor-section-height-default elementor-section-height-default\" data-id=\"e7f8207\" data-element_type=\"section\" data-e-type=\"section\">\n\t\t\t\t\t\t<div class=\"elementor-container elementor-column-gap-default\">\n\t\t\t\t\t<div class=\"elementor-column elementor-col-100 elementor-top-column elementor-element elementor-element-533afe6\" data-id=\"533afe6\" data-element_type=\"column\" data-e-type=\"column\">\n\t\t\t<div class=\"elementor-widget-wrap elementor-element-populated\">\n\t\t\t\t\t\t<div class=\"elementor-element elementor-element-be2a0fa elementor-widget elementor-widget-text-editor\" data-id=\"be2a0fa\" data-element_type=\"widget\" data-e-type=\"widget\" data-widget_type=\"text-editor.default\">\n\t\t\t\t<div class=\"elementor-widget-container\">\n\t\t\t\t\t\t\t\t\t<p>14. septembra 2021\u00a0obele\u017eujemo \u017ee \u010detrti\u00a0<b>Svetovni dan atopijskega dermatitisa\u00a0<\/b>z namenom, da bi izbolj\u0161ali zavedanje in razumevanje atopijskega dermatitisa ter izkazali spo\u0161tovanje tistim, ki \u017eivijo s to boleznijo, in njihovim dru\u017einam. Svetovni dan atopijskega dermatitisa zdru\u017euje vse, ki nosijo posledice bolezni, ter jih spodbuja, da delijo svoje izku\u0161nje, se pove\u017eejo z lokalno skupnostjo ter pozovejo k spremembam.\u00a0<\/p><p><b style=\"font-style: inherit;\">V torek, 14. septembra,\u00a0\u00a0<\/b><span style=\"font-size: 17px;\">bomo v Zavodu Atopika (v sodelovanju z mednarodno organizacijo\u00a0<\/span><a style=\"font-size: 17px; background-color: #ffffff;\" href=\"https:\/\/globalskin.org\/\" target=\"_blank\" rel=\"noopener\">Global Skin<\/a><span style=\"font-size: 17px;\">, Evropsko zvezo dru\u0161tev pacientov z alergijami in boleznimi dihal \u2013\u00a0<\/span><a style=\"font-size: 17px; background-color: #ffffff;\" href=\"http:\/\/www.efanet.org\/\" target=\"_blank\" rel=\"noopener\">European Federation of Allergy and Airways Diseases Patients Associations<\/a><span style=\"font-size: 17px;\">, EFA in <a href=\"https:\/\/sl.gaapp.org\/\">Global Allergy &amp; Airways Patient Platform<\/a>, GAAPP)<\/span><span style=\"font-size: 17px;\">\u00a0organizirali dogodek v\u00a0Ljubljani in v Mariboru.<\/span><\/p>\t\t\t\t\t\t\t\t<\/div>\n\t\t\t\t<\/div>\n\t\t\t\t<div class=\"elementor-element elementor-element-e6f82e7 elementor-widget elementor-widget-heading\" data-id=\"e6f82e7\" data-element_type=\"widget\" data-e-type=\"widget\" data-widget_type=\"heading.default\">\n\t\t\t\t<div class=\"elementor-widget-container\">\n\t\t\t\t\t<h2 class=\"elementor-heading-title elementor-size-default\">Svetovni dan atopijskega dermatitisa v Ljubjani<\/h2>\t\t\t\t<\/div>\n\t\t\t\t<\/div>\n\t\t\t\t<div class=\"elementor-element elementor-element-d3b6143 elementor-widget elementor-widget-text-editor\" data-id=\"d3b6143\" data-element_type=\"widget\" data-e-type=\"widget\" data-widget_type=\"text-editor.default\">\n\t\t\t\t<div class=\"elementor-widget-container\">\n\t\t\t\t\t\t\t\t\t<p><span style=\"font-size: 17px; font-style: normal; font-weight: 300;\">V Knji\u017enici <strong>Pre\u017eihovega Voranca v Ljubljani<\/strong> bomo otvorili fotografsko razstavo<\/span><span style=\"font-size: 17px; font-weight: 300;\"><i> Beneath the skin<\/i><\/span><span style=\"font-size: 17px; font-style: normal; font-weight: 300;\"> bolnikov z atopijskim dermatitisom. Izjemne fotografije na\u0161ih borcev je posnela fotografinja <strong>Ines Krivec<\/strong> iz <strong>Ines Images Studia<\/strong>. Ines ima tudi sama otroka, ki se soo\u010da z atopijskim dermatitisom zato je k na\u0161emu projektu stopila z velikim srcem in razumevanjem. <\/span><span style=\"font-size: 17px; font-style: normal; font-weight: 300;\">Ob tej prilo\u017enosti pa bomo izvedli tudi okroglo mizo, ki jo bo vodila novinarka Jerca Zajc. <\/span><span style=\"font-size: 17px; font-style: normal;\"><b>Na okrogli mizi ob 10.00 se nam bodo pridru\u017eili:\u00a0<\/b><\/span><\/p><ul><li><span style=\"font-size: 17px;\">\u00a0vodja otro\u0161ke ambulante dermatologinja <b>Olga To\u010dkova, dr. med., <\/b>Univerzitetni klini\u010dni center Ljubljana,<\/span><\/li><li><span style=\"font-size: 17px;\">gospod<b> Du\u0161an Miku\u017e, generalni direktor Direktorata za dru\u017eino,<\/b> Ministerstvo za delo, dru\u017eino, socialne zadeve in enake mo\u017enosti,\u00a0<\/span><\/li><li><span style=\"font-size: 17px;\">\u00a0gospa <b>Nevenka Pre\u0161lenkova <\/b>se bo okrogle mize udele\u017eila v imenu <b>Zagovornika na\u010dela enakosti<\/b>,<\/span><\/li><li><span style=\"font-size: 17px;\">gospod <b>Jure Mikoli\u010d, mag. farm., <\/b>Zavod za zdravstveno zavarovanje Slovenije,<\/span><\/li><li>gospa <b>Tika Hribar<\/b>, blogerka za nego ko\u017ee, ki se soo\u010da z atopijskim dermatitisom,\u00a0<\/li><li><b>bolniki oz. svojci bolnikov<\/b>, ki so se udele\u017eili fotografiranja.\u00a0<\/li><\/ul><p><span style=\"font-size: 17px;\">Skupaj bomo naslovili problematiko bolnikov z atopijskim dermatitisom in predlagali morebitne re\u0161itve. Vsem sodelujo\u010dim se zahvaljujemo za sodelovanje.\u00a0<\/span><\/p>\t\t\t\t\t\t\t\t<\/div>\n\t\t\t\t<\/div>\n\t\t\t\t<div class=\"elementor-element elementor-element-9daf024 elementor-widget elementor-widget-text-editor\" data-id=\"9daf024\" data-element_type=\"widget\" data-e-type=\"widget\" data-widget_type=\"text-editor.default\">\n\t\t\t\t<div class=\"elementor-widget-container\">\n\t\t\t\t\t\t\t\t\t<p>Zaradi epidemiolo\u0161ke slike bomo okroglo mizo prena\u0161ali v \u017eivo preko spletne strani Zavoda Atopika in preko socialnih omre\u017eij.\u00a0 <strong>Vabim vas, da se nam pridru\u017eite preko spleta.<\/strong> V zelo omejenem \u0161tevilu, pa se nam lahko pridru\u017eite tudi na otvoritvi. \u010ce se \u017eelite dogodka udele\u017eiti, nam prosim pi\u0161ite. Udele\u017eitev je mogo\u010de le ob potrditvi.\u00a0<\/p><p><span style=\"font-size: 17px; font-style: normal; font-weight: 300;\">V skladu z navodili NIJZ je potrebno na dogodkih v zaprtih prostorih nositi za\u0161\u010ditne maske in upo\u0161tevati razdaljo 1,5 med seboj. Prostor, v katerem bo potekala okrogla miza bo primerno opremljen (z razku\u017eili, oznakami, opozorili in primernimi razdaljami med stoli ter ostalimi povr\u0161inami), vas pa vljudno prosimo, da vsa opozorila in priporo\u010dila, v izogib nev\u0161e\u010dnostim,\u00a0<\/span><span style=\"font-size: 17px; font-style: normal; font-weight: 300;\"><span style=\"font-weight: bold;\">upo\u0161tevate. Prosimo tudi, da izpolnjujete pogoje PCT.\u00a0<\/span><\/span><strong><br \/><\/strong><\/p>\t\t\t\t\t\t\t\t<\/div>\n\t\t\t\t<\/div>\n\t\t\t\t<div class=\"elementor-element elementor-element-7bbcdaa elementor-widget elementor-widget-image\" data-id=\"7bbcdaa\" data-element_type=\"widget\" data-e-type=\"widget\" data-widget_type=\"image.default\">\n\t\t\t\t<div class=\"elementor-widget-container\">\n\t\t\t\t\t\t\t\t\t\t\t\t\t\t\t<img fetchpriority=\"high\" decoding=\"async\" width=\"1024\" height=\"576\" src=\"https:\/\/www.atopika.org\/wp-content\/uploads\/2021\/08\/ATOPIKA-WAED-2021-FB-and-SOCIAL-09-PUBLISH-1024x576.jpg\" class=\"attachment-large size-large wp-image-5015\" alt=\"\" srcset=\"https:\/\/www.atopika.org\/wp-content\/uploads\/2021\/08\/ATOPIKA-WAED-2021-FB-and-SOCIAL-09-PUBLISH-1024x576.jpg 1024w, https:\/\/www.atopika.org\/wp-content\/uploads\/2021\/08\/ATOPIKA-WAED-2021-FB-and-SOCIAL-09-PUBLISH-230x129.jpg 230w, https:\/\/www.atopika.org\/wp-content\/uploads\/2021\/08\/ATOPIKA-WAED-2021-FB-and-SOCIAL-09-PUBLISH-768x432.jpg 768w, https:\/\/www.atopika.org\/wp-content\/uploads\/2021\/08\/ATOPIKA-WAED-2021-FB-and-SOCIAL-09-PUBLISH.jpg 1280w\" sizes=\"(max-width: 1024px) 100vw, 1024px\" \/>\t\t\t\t\t\t\t\t\t\t\t\t\t\t\t<\/div>\n\t\t\t\t<\/div>\n\t\t\t\t<div class=\"elementor-element elementor-element-b67c567 elementor-widget elementor-widget-heading\" data-id=\"b67c567\" data-element_type=\"widget\" data-e-type=\"widget\" data-widget_type=\"heading.default\">\n\t\t\t\t<div class=\"elementor-widget-container\">\n\t\t\t\t\t<h2 class=\"elementor-heading-title elementor-size-default\"><span style=\"font-size: 2.05882rem;font-style: normal;font-weight: 400\">Svetovni dan atopijskega dermatitisa v Mariboru<\/span><\/h2>\t\t\t\t<\/div>\n\t\t\t\t<\/div>\n\t\t\t\t<div class=\"elementor-element elementor-element-37d1c63 elementor-widget elementor-widget-text-editor\" data-id=\"37d1c63\" data-element_type=\"widget\" data-e-type=\"widget\" data-widget_type=\"text-editor.default\">\n\t\t\t\t<div class=\"elementor-widget-container\">\n\t\t\t\t\t\t\t\t\t<p>V torek, <b>14. septembra,<\/b> bomo v Zavodu Atopika ozave\u0161\u010dali o atopijskem dermatitisu tudi v centru mesta Maribor na Trgu svobode, kjer se bodo bolniki lahko brezpla\u010dno posvetovali z zdravnico dermatologinjo <b>Senega\u010dnik Simono, dr. med., spec. dermatovenerologije.\u00a0<\/b>B<span style=\"font-size: 17px; font-style: normal; font-weight: 300;\">rezpla\u010dno posvetovanje z dermatologinjo bo za bolnike z atopijskim dermatitisom mogo\u010de med <\/span><span style=\"font-size: 17px; font-style: normal;\"><b>16.00 in 17.00<\/b><\/span><span style=\"font-size: 17px; font-style: normal; font-weight: 300;\">.<\/span><\/p>\t\t\t\t\t\t\t\t<\/div>\n\t\t\t\t<\/div>\n\t\t\t\t<div class=\"elementor-element elementor-element-fec997a elementor-widget elementor-widget-image\" data-id=\"fec997a\" data-element_type=\"widget\" data-e-type=\"widget\" data-widget_type=\"image.default\">\n\t\t\t\t<div class=\"elementor-widget-container\">\n\t\t\t\t\t\t\t\t\t\t\t\t\t\t\t<img decoding=\"async\" width=\"899\" height=\"720\" src=\"https:\/\/www.atopika.org\/wp-content\/uploads\/2021\/08\/ATOPIKA-WAED-2021-FB-and-SOCIAL-11-PUBLISH.jpg\" class=\"attachment-large size-large wp-image-5024\" alt=\"\" srcset=\"https:\/\/www.atopika.org\/wp-content\/uploads\/2021\/08\/ATOPIKA-WAED-2021-FB-and-SOCIAL-11-PUBLISH.jpg 899w, https:\/\/www.atopika.org\/wp-content\/uploads\/2021\/08\/ATOPIKA-WAED-2021-FB-and-SOCIAL-11-PUBLISH-230x184.jpg 230w, https:\/\/www.atopika.org\/wp-content\/uploads\/2021\/08\/ATOPIKA-WAED-2021-FB-and-SOCIAL-11-PUBLISH-768x615.jpg 768w\" sizes=\"(max-width: 899px) 100vw, 899px\" \/>\t\t\t\t\t\t\t\t\t\t\t\t\t\t\t<\/div>\n\t\t\t\t<\/div>\n\t\t\t\t<div class=\"elementor-element elementor-element-451adf6 elementor-widget elementor-widget-heading\" data-id=\"451adf6\" data-element_type=\"widget\" data-e-type=\"widget\" data-widget_type=\"heading.default\">\n\t\t\t\t<div class=\"elementor-widget-container\">\n\t\t\t\t\t<h2 class=\"elementor-heading-title elementor-size-default\">Sponzorji<\/h2>\t\t\t\t<\/div>\n\t\t\t\t<\/div>\n\t\t\t\t<div class=\"elementor-element elementor-element-70826ff elementor-widget elementor-widget-heading\" data-id=\"70826ff\" data-element_type=\"widget\" data-e-type=\"widget\" data-widget_type=\"heading.default\">\n\t\t\t\t<div class=\"elementor-widget-container\">\n\t\t\t\t\t<h4 class=\"elementor-heading-title elementor-size-default\">ZLATI SPONZORJI<\/h4>\t\t\t\t<\/div>\n\t\t\t\t<\/div>\n\t\t\t\t<div class=\"elementor-element elementor-element-4d54d36 elementor-widget elementor-widget-image\" data-id=\"4d54d36\" data-element_type=\"widget\" data-e-type=\"widget\" data-widget_type=\"image.default\">\n\t\t\t\t<div class=\"elementor-widget-container\">\n\t\t\t\t\t\t\t\t\t\t\t\t\t\t\t<img decoding=\"async\" width=\"600\" height=\"250\" src=\"https:\/\/www.atopika.org\/wp-content\/uploads\/2021\/08\/Kopija-izd.-Kopija-izd.-Dodajte-naslov-1-2.png\" class=\"attachment-medium_large size-medium_large wp-image-5125\" alt=\"\" srcset=\"https:\/\/www.atopika.org\/wp-content\/uploads\/2021\/08\/Kopija-izd.-Kopija-izd.-Dodajte-naslov-1-2.png 600w, https:\/\/www.atopika.org\/wp-content\/uploads\/2021\/08\/Kopija-izd.-Kopija-izd.-Dodajte-naslov-1-2-230x96.png 230w\" sizes=\"(max-width: 600px) 100vw, 600px\" \/>\t\t\t\t\t\t\t\t\t\t\t\t\t\t\t<\/div>\n\t\t\t\t<\/div>\n\t\t\t\t<div class=\"elementor-element elementor-element-dc2f83b elementor-widget elementor-widget-heading\" data-id=\"dc2f83b\" data-element_type=\"widget\" data-e-type=\"widget\" data-widget_type=\"heading.default\">\n\t\t\t\t<div class=\"elementor-widget-container\">\n\t\t\t\t\t<h4 class=\"elementor-heading-title elementor-size-default\">SREBRNI SPONZOR<\/h4>\t\t\t\t<\/div>\n\t\t\t\t<\/div>\n\t\t\t\t\t<\/div>\n\t\t<\/div>\n\t\t\t\t\t<\/div>\n\t\t<\/section>\n\t\t\t\t<section class=\"elementor-section elementor-top-section elementor-element elementor-element-e0c32f9 elementor-section-boxed elementor-section-height-default elementor-section-height-default\" data-id=\"e0c32f9\" data-element_type=\"section\" data-e-type=\"section\">\n\t\t\t\t\t\t<div class=\"elementor-container elementor-column-gap-default\">\n\t\t\t\t\t<div class=\"elementor-column elementor-col-100 elementor-top-column elementor-element elementor-element-9399420\" data-id=\"9399420\" data-element_type=\"column\" data-e-type=\"column\">\n\t\t\t<div class=\"elementor-widget-wrap elementor-element-populated\">\n\t\t\t\t\t\t<div class=\"elementor-element elementor-element-87853de elementor-widget elementor-widget-image-gallery\" data-id=\"87853de\" data-element_type=\"widget\" data-e-type=\"widget\" data-widget_type=\"image-gallery.default\">\n\t\t\t\t<div class=\"elementor-widget-container\">\n\t\t\t\t\t\t\t<div class=\"elementor-image-gallery\">\n\t\t\t<div id='gallery-1' class='gallery galleryid-5002 gallery-columns-1 gallery-size-large'><figure class='gallery-item'>\n\t\t\t<div class='gallery-icon landscape'>\n\t\t\t\t<a data-elementor-open-lightbox=\"yes\" data-elementor-lightbox-slideshow=\"87853de\" data-elementor-lightbox-title=\"Kopija izd. Kopija izd. Dodajte naslov (2)\" data-e-action-hash=\"#elementor-action%3Aaction%3Dlightbox%26settings%3DeyJpZCI6NTEzMSwidXJsIjoiaHR0cHM6XC9cL3d3dy5hdG9waWthLm9yZ1wvd3AtY29udGVudFwvdXBsb2Fkc1wvMjAyMVwvMDhcL0tvcGlqYS1pemQuLUtvcGlqYS1pemQuLURvZGFqdGUtbmFzbG92LTIucG5nIiwic2xpZGVzaG93IjoiODc4NTNkZSJ9\" href='https:\/\/www.atopika.org\/wp-content\/uploads\/2021\/08\/Kopija-izd.-Kopija-izd.-Dodajte-naslov-2.png'><img loading=\"lazy\" decoding=\"async\" width=\"600\" height=\"250\" src=\"https:\/\/www.atopika.org\/wp-content\/uploads\/2021\/08\/Kopija-izd.-Kopija-izd.-Dodajte-naslov-2.png\" class=\"attachment-large size-large\" alt=\"\" srcset=\"https:\/\/www.atopika.org\/wp-content\/uploads\/2021\/08\/Kopija-izd.-Kopija-izd.-Dodajte-naslov-2.png 600w, https:\/\/www.atopika.org\/wp-content\/uploads\/2021\/08\/Kopija-izd.-Kopija-izd.-Dodajte-naslov-2-230x96.png 230w\" sizes=\"(max-width: 600px) 100vw, 600px\" \/><\/a>\n\t\t\t<\/div><\/figure>\n\t\t<\/div>\n\t\t<\/div>\n\t\t\t\t\t\t<\/div>\n\t\t\t\t<\/div>\n\t\t\t\t\t<\/div>\n\t\t<\/div>\n\t\t\t\t\t<\/div>\n\t\t<\/section>\n\t\t\t\t<section class=\"elementor-section elementor-top-section elementor-element elementor-element-43abd48 elementor-section-boxed elementor-section-height-default elementor-section-height-default\" data-id=\"43abd48\" data-element_type=\"section\" data-e-type=\"section\">\n\t\t\t\t\t\t<div class=\"elementor-container elementor-column-gap-default\">\n\t\t\t\t\t<div class=\"elementor-column elementor-col-100 elementor-top-column elementor-element elementor-element-9fc6fbd\" data-id=\"9fc6fbd\" data-element_type=\"column\" data-e-type=\"column\">\n\t\t\t<div class=\"elementor-widget-wrap elementor-element-populated\">\n\t\t\t\t\t\t<div class=\"elementor-element elementor-element-ec05f67 elementor-widget elementor-widget-heading\" data-id=\"ec05f67\" data-element_type=\"widget\" data-e-type=\"widget\" data-widget_type=\"heading.default\">\n\t\t\t\t<div class=\"elementor-widget-container\">\n\t\t\t\t\t<h4 class=\"elementor-heading-title elementor-size-default\">BRONASTI SPONZORJI<\/h4>\t\t\t\t<\/div>\n\t\t\t\t<\/div>\n\t\t\t\t<div class=\"elementor-element elementor-element-35a4d11 elementor-widget elementor-widget-image\" data-id=\"35a4d11\" data-element_type=\"widget\" data-e-type=\"widget\" data-widget_type=\"image.default\">\n\t\t\t\t<div class=\"elementor-widget-container\">\n\t\t\t\t\t\t\t\t\t\t\t\t\t\t\t<img loading=\"lazy\" decoding=\"async\" width=\"600\" height=\"200\" src=\"https:\/\/www.atopika.org\/wp-content\/uploads\/2021\/08\/Dodajte-naslov-19.png\" class=\"attachment-large size-large wp-image-5056\" alt=\"\" srcset=\"https:\/\/www.atopika.org\/wp-content\/uploads\/2021\/08\/Dodajte-naslov-19.png 600w, https:\/\/www.atopika.org\/wp-content\/uploads\/2021\/08\/Dodajte-naslov-19-230x77.png 230w\" sizes=\"(max-width: 600px) 100vw, 600px\" \/>\t\t\t\t\t\t\t\t\t\t\t\t\t\t\t<\/div>\n\t\t\t\t<\/div>\n\t\t\t\t<div class=\"elementor-element elementor-element-d26f4fe elementor-widget elementor-widget-image\" data-id=\"d26f4fe\" data-element_type=\"widget\" data-e-type=\"widget\" data-widget_type=\"image.default\">\n\t\t\t\t<div class=\"elementor-widget-container\">\n\t\t\t\t\t\t\t\t\t\t\t\t\t\t\t<img loading=\"lazy\" decoding=\"async\" width=\"600\" height=\"150\" src=\"https:\/\/www.atopika.org\/wp-content\/uploads\/2021\/08\/Kopija-izd.-Dodajte-naslov-14.png\" class=\"attachment-large size-large wp-image-5065\" alt=\"\" srcset=\"https:\/\/www.atopika.org\/wp-content\/uploads\/2021\/08\/Kopija-izd.-Dodajte-naslov-14.png 600w, https:\/\/www.atopika.org\/wp-content\/uploads\/2021\/08\/Kopija-izd.-Dodajte-naslov-14-230x58.png 230w\" sizes=\"(max-width: 600px) 100vw, 600px\" \/>\t\t\t\t\t\t\t\t\t\t\t\t\t\t\t<\/div>\n\t\t\t\t<\/div>\n\t\t\t\t<div class=\"elementor-element elementor-element-cf89336 elementor-widget elementor-widget-heading\" data-id=\"cf89336\" data-element_type=\"widget\" data-e-type=\"widget\" data-widget_type=\"heading.default\">\n\t\t\t\t<div class=\"elementor-widget-container\">\n\t\t\t\t\t<h4 class=\"elementor-heading-title elementor-size-default\">DARILNI SPONZORJI<\/h4>\t\t\t\t<\/div>\n\t\t\t\t<\/div>\n\t\t\t\t<div class=\"elementor-element elementor-element-9c649aa elementor-widget elementor-widget-image\" data-id=\"9c649aa\" data-element_type=\"widget\" data-e-type=\"widget\" data-widget_type=\"image.default\">\n\t\t\t\t<div class=\"elementor-widget-container\">\n\t\t\t\t\t\t\t\t\t\t\t\t\t\t\t<img loading=\"lazy\" decoding=\"async\" width=\"600\" height=\"300\" src=\"https:\/\/www.atopika.org\/wp-content\/uploads\/2021\/08\/Kopija-izd.-Dodajte-naslov-18.png\" class=\"attachment-large size-large wp-image-5135\" alt=\"\" srcset=\"https:\/\/www.atopika.org\/wp-content\/uploads\/2021\/08\/Kopija-izd.-Dodajte-naslov-18.png 600w, https:\/\/www.atopika.org\/wp-content\/uploads\/2021\/08\/Kopija-izd.-Dodajte-naslov-18-230x115.png 230w\" sizes=\"(max-width: 600px) 100vw, 600px\" \/>\t\t\t\t\t\t\t\t\t\t\t\t\t\t\t<\/div>\n\t\t\t\t<\/div>\n\t\t\t\t<div class=\"elementor-element elementor-element-7cf73e2 elementor-widget elementor-widget-heading\" data-id=\"7cf73e2\" data-element_type=\"widget\" data-e-type=\"widget\" data-widget_type=\"heading.default\">\n\t\t\t\t<div class=\"elementor-widget-container\">\n\t\t\t\t\t<h4 class=\"elementor-heading-title elementor-size-default\">MEDIJSKI SPONZOR<\/h4>\t\t\t\t<\/div>\n\t\t\t\t<\/div>\n\t\t\t\t<div class=\"elementor-element elementor-element-87fbaaa elementor-widget elementor-widget-image\" data-id=\"87fbaaa\" data-element_type=\"widget\" data-e-type=\"widget\" data-widget_type=\"image.default\">\n\t\t\t\t<div class=\"elementor-widget-container\">\n\t\t\t\t\t\t\t\t\t\t\t\t\t\t\t<img loading=\"lazy\" decoding=\"async\" width=\"600\" height=\"200\" src=\"https:\/\/www.atopika.org\/wp-content\/uploads\/2021\/08\/Dodajte-naslov-17.png\" class=\"attachment-large size-large wp-image-5049\" alt=\"\" srcset=\"https:\/\/www.atopika.org\/wp-content\/uploads\/2021\/08\/Dodajte-naslov-17.png 600w, https:\/\/www.atopika.org\/wp-content\/uploads\/2021\/08\/Dodajte-naslov-17-230x77.png 230w\" sizes=\"(max-width: 600px) 100vw, 600px\" \/>\t\t\t\t\t\t\t\t\t\t\t\t\t\t\t<\/div>\n\t\t\t\t<\/div>\n\t\t\t\t<div class=\"elementor-element elementor-element-ff591c7 elementor-widget elementor-widget-heading\" data-id=\"ff591c7\" data-element_type=\"widget\" data-e-type=\"widget\" data-widget_type=\"heading.default\">\n\t\t\t\t<div class=\"elementor-widget-container\">\n\t\t\t\t\t<h4 class=\"elementor-heading-title elementor-size-default\">SOORGANIZACIJA \/ POKROVITELJSTVO<\/h4>\t\t\t\t<\/div>\n\t\t\t\t<\/div>\n\t\t\t\t<div class=\"elementor-element elementor-element-a9918f0 elementor-widget elementor-widget-image\" data-id=\"a9918f0\" data-element_type=\"widget\" data-e-type=\"widget\" data-widget_type=\"image.default\">\n\t\t\t\t<div class=\"elementor-widget-container\">\n\t\t\t\t\t\t\t\t\t\t\t\t\t\t\t<img loading=\"lazy\" decoding=\"async\" width=\"600\" height=\"200\" src=\"https:\/\/www.atopika.org\/wp-content\/uploads\/2021\/08\/Dodajte-naslov-22.png\" class=\"attachment-large size-large wp-image-5075\" alt=\"\" srcset=\"https:\/\/www.atopika.org\/wp-content\/uploads\/2021\/08\/Dodajte-naslov-22.png 600w, https:\/\/www.atopika.org\/wp-content\/uploads\/2021\/08\/Dodajte-naslov-22-230x77.png 230w\" sizes=\"(max-width: 600px) 100vw, 600px\" \/>\t\t\t\t\t\t\t\t\t\t\t\t\t\t\t<\/div>\n\t\t\t\t<\/div>\n\t\t\t\t\t<\/div>\n\t\t<\/div>\n\t\t\t\t\t<\/div>\n\t\t<\/section>\n\t\t\t\t<\/div>\n\t\t","protected":false},"excerpt":{"rendered":"<p>14. septembra 2021\u00a0obele\u017eujemo \u017ee \u010detrti\u00a0Svetovni dan atopijskega dermatitisa\u00a0z namenom, da bi izbolj\u0161ali zavedanje in razumevanje atopijskega dermatitisa ter izkazali spo\u0161tovanje tistim, ki \u017eivijo s to boleznijo, in njihovim dru\u017einam. Svetovni dan atopijskega dermatitisa zdru\u017euje vse, ki nosijo posledice bolezni, ter jih spodbuja, da delijo svoje izku\u0161nje, se pove\u017eejo z lokalno skupnostjo ter pozovejo k spremembam. [&hellip;]<\/p>\n","protected":false},"author":4,"featured_media":2215,"comment_status":"closed","ping_status":"open","sticky":false,"template":"","format":"standard","meta":{"site-sidebar-layout":"default","site-content-layout":"default","ast-site-content-layout":"default","site-content-style":"default","site-sidebar-style":"default","ast-global-header-display":"","ast-banner-title-visibility":"","ast-main-header-display":"","ast-hfb-above-header-display":"","ast-hfb-below-header-display":"","ast-hfb-mobile-header-display":"","site-post-title":"","ast-breadcrumbs-content":"","ast-featured-img":"","footer-sml-layout":"","ast-disable-related-posts":"","theme-transparent-header-meta":"default","adv-header-id-meta":"","stick-header-meta":"","header-above-stick-meta":"","header-main-stick-meta":"","header-below-stick-meta":"","astra-migrate-meta-layouts":"default","ast-page-background-enabled":"default","ast-page-background-meta":{"desktop":{"background-color":"","background-image":"","background-repeat":"repeat","background-position":"center center","background-size":"auto","background-attachment":"scroll","background-type":"","background-media":"","overlay-type":"","overlay-color":"","overlay-opacity":"","overlay-gradient":""},"tablet":{"background-color":"","background-image":"","background-repeat":"repeat","background-position":"center center","background-size":"auto","background-attachment":"scroll","background-type":"","background-media":"","overlay-type":"","overlay-color":"","overlay-opacity":"","overlay-gradient":""},"mobile":{"background-color":"","background-image":"","background-repeat":"repeat","background-position":"center center","background-size":"auto","background-attachment":"scroll","background-type":"","background-media":"","overlay-type":"","overlay-color":"","overlay-opacity":"","overlay-gradient":""}},"ast-content-background-meta":{"desktop":{"background-color":"var(--ast-global-color-5)","background-image":"","background-repeat":"repeat","background-position":"center center","background-size":"auto","background-attachment":"scroll","background-type":"","background-media":"","overlay-type":"","overlay-color":"","overlay-opacity":"","overlay-gradient":""},"tablet":{"background-color":"var(--ast-global-color-5)","background-image":"","background-repeat":"repeat","background-position":"center center","background-size":"auto","background-attachment":"scroll","background-type":"","background-media":"","overlay-type":"","overlay-color":"","overlay-opacity":"","overlay-gradient":""},"mobile":{"background-color":"var(--ast-global-color-5)","background-image":"","background-repeat":"repeat","background-position":"center center","background-size":"auto","background-attachment":"scroll","background-type":"","background-media":"","overlay-type":"","overlay-color":"","overlay-opacity":"","overlay-gradient":""}},"footnotes":""},"categories":[25,89],"tags":[],"class_list":["post-5002","post","type-post","status-publish","format-standard","has-post-thumbnail","hentry","category-splosno","category-svetovni-dan-ad"],"yoast_head":"<!-- This site is optimized with the Yoast SEO plugin v27.3 - https:\/\/yoast.com\/product\/yoast-seo-wordpress\/ -->\n<title>Svetovni dan atopijskega dermatitisa, 14. september 2021 - Atopika<\/title>\n<meta name=\"robots\" content=\"index, follow, max-snippet:-1, max-image-preview:large, max-video-preview:-1\" \/>\n<link rel=\"canonical\" href=\"https:\/\/www.atopika.org\/en\/2021\/08\/23\/svetovni-dan-atopijskega-dermatitisa-14-september-2021\/\" \/>\n<meta property=\"og:locale\" content=\"en_US\" \/>\n<meta property=\"og:type\" content=\"article\" \/>\n<meta property=\"og:title\" content=\"Svetovni dan atopijskega dermatitisa, 14. september 2021 - Atopika\" \/>\n<meta property=\"og:description\" content=\"14. septembra 2021\u00a0obele\u017eujemo \u017ee \u010detrti\u00a0Svetovni dan atopijskega dermatitisa\u00a0z namenom, da bi izbolj\u0161ali zavedanje in razumevanje atopijskega dermatitisa ter izkazali spo\u0161tovanje tistim, ki \u017eivijo s to boleznijo, in njihovim dru\u017einam. Svetovni dan atopijskega dermatitisa zdru\u017euje vse, ki nosijo posledice bolezni, ter jih spodbuja, da delijo svoje izku\u0161nje, se pove\u017eejo z lokalno skupnostjo ter pozovejo k spremembam. [&hellip;]\" \/>\n<meta property=\"og:url\" content=\"https:\/\/www.atopika.org\/en\/2021\/08\/23\/svetovni-dan-atopijskega-dermatitisa-14-september-2021\/\" \/>\n<meta property=\"og:site_name\" content=\"Atopika\" \/>\n<meta property=\"article:publisher\" content=\"https:\/\/www.facebook.com\/ZavodAtopika\" \/>\n<meta property=\"article:published_time\" content=\"2021-08-23T12:32:09+00:00\" \/>\n<meta property=\"article:modified_time\" content=\"2023-05-20T22:36:47+00:00\" \/>\n<meta property=\"og:image\" content=\"https:\/\/www.atopika.org\/wp-content\/uploads\/2020\/05\/atopika_2019-288-scaled.jpg\" \/>\n\t<meta property=\"og:image:width\" content=\"2560\" \/>\n\t<meta property=\"og:image:height\" content=\"1706\" \/>\n\t<meta property=\"og:image:type\" content=\"image\/jpeg\" \/>\n<meta name=\"author\" content=\"Tina Mesari\u010d\" \/>\n<meta name=\"twitter:card\" content=\"summary_large_image\" \/>\n<meta name=\"twitter:label1\" content=\"Written by\" \/>\n\t<meta name=\"twitter:data1\" content=\"Tina Mesari\u010d\" \/>\n\t<meta name=\"twitter:label2\" content=\"Est. reading time\" \/>\n\t<meta name=\"twitter:data2\" content=\"5 minutes\" \/>\n<script type=\"application\/ld+json\" class=\"yoast-schema-graph\">{\"@context\":\"https:\\\/\\\/schema.org\",\"@graph\":[{\"@type\":\"Article\",\"@id\":\"https:\\\/\\\/www.atopika.org\\\/en\\\/2021\\\/08\\\/23\\\/svetovni-dan-atopijskega-dermatitisa-14-september-2021\\\/#article\",\"isPartOf\":{\"@id\":\"https:\\\/\\\/www.atopika.org\\\/en\\\/2021\\\/08\\\/23\\\/svetovni-dan-atopijskega-dermatitisa-14-september-2021\\\/\"},\"author\":{\"name\":\"Tina Mesari\u010d\",\"@id\":\"https:\\\/\\\/www.atopika.org\\\/en\\\/#\\\/schema\\\/person\\\/49c1087a289bda3e5fceeba66fa27376\"},\"headline\":\"Svetovni dan atopijskega dermatitisa, 14. september 2021\",\"datePublished\":\"2021-08-23T12:32:09+00:00\",\"dateModified\":\"2023-05-20T22:36:47+00:00\",\"mainEntityOfPage\":{\"@id\":\"https:\\\/\\\/www.atopika.org\\\/en\\\/2021\\\/08\\\/23\\\/svetovni-dan-atopijskega-dermatitisa-14-september-2021\\\/\"},\"wordCount\":515,\"publisher\":{\"@id\":\"https:\\\/\\\/www.atopika.org\\\/en\\\/#organization\"},\"image\":{\"@id\":\"https:\\\/\\\/www.atopika.org\\\/en\\\/2021\\\/08\\\/23\\\/svetovni-dan-atopijskega-dermatitisa-14-september-2021\\\/#primaryimage\"},\"thumbnailUrl\":\"https:\\\/\\\/www.atopika.org\\\/wp-content\\\/uploads\\\/2020\\\/05\\\/atopika_2019-288-scaled.jpg\",\"articleSection\":[\"Splo\u0161no\",\"Svetovni dan AD\"],\"inLanguage\":\"en-US\"},{\"@type\":\"WebPage\",\"@id\":\"https:\\\/\\\/www.atopika.org\\\/en\\\/2021\\\/08\\\/23\\\/svetovni-dan-atopijskega-dermatitisa-14-september-2021\\\/\",\"url\":\"https:\\\/\\\/www.atopika.org\\\/en\\\/2021\\\/08\\\/23\\\/svetovni-dan-atopijskega-dermatitisa-14-september-2021\\\/\",\"name\":\"Svetovni dan atopijskega dermatitisa, 14. september 2021 - Atopika\",\"isPartOf\":{\"@id\":\"https:\\\/\\\/www.atopika.org\\\/en\\\/#website\"},\"primaryImageOfPage\":{\"@id\":\"https:\\\/\\\/www.atopika.org\\\/en\\\/2021\\\/08\\\/23\\\/svetovni-dan-atopijskega-dermatitisa-14-september-2021\\\/#primaryimage\"},\"image\":{\"@id\":\"https:\\\/\\\/www.atopika.org\\\/en\\\/2021\\\/08\\\/23\\\/svetovni-dan-atopijskega-dermatitisa-14-september-2021\\\/#primaryimage\"},\"thumbnailUrl\":\"https:\\\/\\\/www.atopika.org\\\/wp-content\\\/uploads\\\/2020\\\/05\\\/atopika_2019-288-scaled.jpg\",\"datePublished\":\"2021-08-23T12:32:09+00:00\",\"dateModified\":\"2023-05-20T22:36:47+00:00\",\"breadcrumb\":{\"@id\":\"https:\\\/\\\/www.atopika.org\\\/en\\\/2021\\\/08\\\/23\\\/svetovni-dan-atopijskega-dermatitisa-14-september-2021\\\/#breadcrumb\"},\"inLanguage\":\"en-US\",\"potentialAction\":[{\"@type\":\"ReadAction\",\"target\":[\"https:\\\/\\\/www.atopika.org\\\/en\\\/2021\\\/08\\\/23\\\/svetovni-dan-atopijskega-dermatitisa-14-september-2021\\\/\"]}]},{\"@type\":\"ImageObject\",\"inLanguage\":\"en-US\",\"@id\":\"https:\\\/\\\/www.atopika.org\\\/en\\\/2021\\\/08\\\/23\\\/svetovni-dan-atopijskega-dermatitisa-14-september-2021\\\/#primaryimage\",\"url\":\"https:\\\/\\\/www.atopika.org\\\/wp-content\\\/uploads\\\/2020\\\/05\\\/atopika_2019-288-scaled.jpg\",\"contentUrl\":\"https:\\\/\\\/www.atopika.org\\\/wp-content\\\/uploads\\\/2020\\\/05\\\/atopika_2019-288-scaled.jpg\",\"width\":2560,\"height\":1706},{\"@type\":\"BreadcrumbList\",\"@id\":\"https:\\\/\\\/www.atopika.org\\\/en\\\/2021\\\/08\\\/23\\\/svetovni-dan-atopijskega-dermatitisa-14-september-2021\\\/#breadcrumb\",\"itemListElement\":[{\"@type\":\"ListItem\",\"position\":1,\"name\":\"Home\",\"item\":\"https:\\\/\\\/www.atopika.org\\\/en\\\/\"},{\"@type\":\"ListItem\",\"position\":2,\"name\":\"Svetovni dan atopijskega dermatitisa, 14. september 2021\"}]},{\"@type\":\"WebSite\",\"@id\":\"https:\\\/\\\/www.atopika.org\\\/en\\\/#website\",\"url\":\"https:\\\/\\\/www.atopika.org\\\/en\\\/\",\"name\":\"Atopika\",\"description\":\"Zavod za izobra\u017eevanje, svetovanje in podporo bolnikom z atopijskim dermatitisom\",\"publisher\":{\"@id\":\"https:\\\/\\\/www.atopika.org\\\/en\\\/#organization\"},\"potentialAction\":[{\"@type\":\"SearchAction\",\"target\":{\"@type\":\"EntryPoint\",\"urlTemplate\":\"https:\\\/\\\/www.atopika.org\\\/en\\\/?s={search_term_string}\"},\"query-input\":{\"@type\":\"PropertyValueSpecification\",\"valueRequired\":true,\"valueName\":\"search_term_string\"}}],\"inLanguage\":\"en-US\"},{\"@type\":\"Organization\",\"@id\":\"https:\\\/\\\/www.atopika.org\\\/en\\\/#organization\",\"name\":\"Zavod Atopika\",\"url\":\"https:\\\/\\\/www.atopika.org\\\/en\\\/\",\"logo\":{\"@type\":\"ImageObject\",\"inLanguage\":\"en-US\",\"@id\":\"https:\\\/\\\/www.atopika.org\\\/en\\\/#\\\/schema\\\/logo\\\/image\\\/\",\"url\":\"http:\\\/\\\/www.atopika.org\\\/wp-content\\\/uploads\\\/2022\\\/02\\\/LOGO-POZITIV-1.png\",\"contentUrl\":\"http:\\\/\\\/www.atopika.org\\\/wp-content\\\/uploads\\\/2022\\\/02\\\/LOGO-POZITIV-1.png\",\"width\":802,\"height\":600,\"caption\":\"Zavod Atopika\"},\"image\":{\"@id\":\"https:\\\/\\\/www.atopika.org\\\/en\\\/#\\\/schema\\\/logo\\\/image\\\/\"},\"sameAs\":[\"https:\\\/\\\/www.facebook.com\\\/ZavodAtopika\"]},{\"@type\":\"Person\",\"@id\":\"https:\\\/\\\/www.atopika.org\\\/en\\\/#\\\/schema\\\/person\\\/49c1087a289bda3e5fceeba66fa27376\",\"name\":\"Tina Mesari\u010d\",\"image\":{\"@type\":\"ImageObject\",\"inLanguage\":\"en-US\",\"@id\":\"https:\\\/\\\/secure.gravatar.com\\\/avatar\\\/8acd14e53995193753c76fa6be86831e7279c112903e394a40c7d96b8cb784c6?s=96&d=mm&r=g\",\"url\":\"https:\\\/\\\/secure.gravatar.com\\\/avatar\\\/8acd14e53995193753c76fa6be86831e7279c112903e394a40c7d96b8cb784c6?s=96&d=mm&r=g\",\"contentUrl\":\"https:\\\/\\\/secure.gravatar.com\\\/avatar\\\/8acd14e53995193753c76fa6be86831e7279c112903e394a40c7d96b8cb784c6?s=96&d=mm&r=g\",\"caption\":\"Tina Mesari\u010d\"},\"sameAs\":[\"https:\\\/\\\/atopika.org\\\/\"]}]}<\/script>\n<!-- \/ Yoast SEO plugin. -->","yoast_head_json":{"title":"Svetovni dan atopijskega dermatitisa, 14. september 2021 - Atopika","robots":{"index":"index","follow":"follow","max-snippet":"max-snippet:-1","max-image-preview":"max-image-preview:large","max-video-preview":"max-video-preview:-1"},"canonical":"https:\/\/www.atopika.org\/en\/2021\/08\/23\/svetovni-dan-atopijskega-dermatitisa-14-september-2021\/","og_locale":"en_US","og_type":"article","og_title":"Svetovni dan atopijskega dermatitisa, 14. september 2021 - Atopika","og_description":"14. septembra 2021\u00a0obele\u017eujemo \u017ee \u010detrti\u00a0Svetovni dan atopijskega dermatitisa\u00a0z namenom, da bi izbolj\u0161ali zavedanje in razumevanje atopijskega dermatitisa ter izkazali spo\u0161tovanje tistim, ki \u017eivijo s to boleznijo, in njihovim dru\u017einam. Svetovni dan atopijskega dermatitisa zdru\u017euje vse, ki nosijo posledice bolezni, ter jih spodbuja, da delijo svoje izku\u0161nje, se pove\u017eejo z lokalno skupnostjo ter pozovejo k spremembam. [&hellip;]","og_url":"https:\/\/www.atopika.org\/en\/2021\/08\/23\/svetovni-dan-atopijskega-dermatitisa-14-september-2021\/","og_site_name":"Atopika","article_publisher":"https:\/\/www.facebook.com\/ZavodAtopika","article_published_time":"2021-08-23T12:32:09+00:00","article_modified_time":"2023-05-20T22:36:47+00:00","og_image":[{"width":2560,"height":1706,"url":"https:\/\/www.atopika.org\/wp-content\/uploads\/2020\/05\/atopika_2019-288-scaled.jpg","type":"image\/jpeg"}],"author":"Tina Mesari\u010d","twitter_card":"summary_large_image","twitter_misc":{"Written by":"Tina Mesari\u010d","Est. reading time":"5 minutes"},"schema":{"@context":"https:\/\/schema.org","@graph":[{"@type":"Article","@id":"https:\/\/www.atopika.org\/en\/2021\/08\/23\/svetovni-dan-atopijskega-dermatitisa-14-september-2021\/#article","isPartOf":{"@id":"https:\/\/www.atopika.org\/en\/2021\/08\/23\/svetovni-dan-atopijskega-dermatitisa-14-september-2021\/"},"author":{"name":"Tina Mesari\u010d","@id":"https:\/\/www.atopika.org\/en\/#\/schema\/person\/49c1087a289bda3e5fceeba66fa27376"},"headline":"Svetovni dan atopijskega dermatitisa, 14. september 2021","datePublished":"2021-08-23T12:32:09+00:00","dateModified":"2023-05-20T22:36:47+00:00","mainEntityOfPage":{"@id":"https:\/\/www.atopika.org\/en\/2021\/08\/23\/svetovni-dan-atopijskega-dermatitisa-14-september-2021\/"},"wordCount":515,"publisher":{"@id":"https:\/\/www.atopika.org\/en\/#organization"},"image":{"@id":"https:\/\/www.atopika.org\/en\/2021\/08\/23\/svetovni-dan-atopijskega-dermatitisa-14-september-2021\/#primaryimage"},"thumbnailUrl":"https:\/\/www.atopika.org\/wp-content\/uploads\/2020\/05\/atopika_2019-288-scaled.jpg","articleSection":["Splo\u0161no","Svetovni dan AD"],"inLanguage":"en-US"},{"@type":"WebPage","@id":"https:\/\/www.atopika.org\/en\/2021\/08\/23\/svetovni-dan-atopijskega-dermatitisa-14-september-2021\/","url":"https:\/\/www.atopika.org\/en\/2021\/08\/23\/svetovni-dan-atopijskega-dermatitisa-14-september-2021\/","name":"Svetovni dan atopijskega dermatitisa, 14. september 2021 - Atopika","isPartOf":{"@id":"https:\/\/www.atopika.org\/en\/#website"},"primaryImageOfPage":{"@id":"https:\/\/www.atopika.org\/en\/2021\/08\/23\/svetovni-dan-atopijskega-dermatitisa-14-september-2021\/#primaryimage"},"image":{"@id":"https:\/\/www.atopika.org\/en\/2021\/08\/23\/svetovni-dan-atopijskega-dermatitisa-14-september-2021\/#primaryimage"},"thumbnailUrl":"https:\/\/www.atopika.org\/wp-content\/uploads\/2020\/05\/atopika_2019-288-scaled.jpg","datePublished":"2021-08-23T12:32:09+00:00","dateModified":"2023-05-20T22:36:47+00:00","breadcrumb":{"@id":"https:\/\/www.atopika.org\/en\/2021\/08\/23\/svetovni-dan-atopijskega-dermatitisa-14-september-2021\/#breadcrumb"},"inLanguage":"en-US","potentialAction":[{"@type":"ReadAction","target":["https:\/\/www.atopika.org\/en\/2021\/08\/23\/svetovni-dan-atopijskega-dermatitisa-14-september-2021\/"]}]},{"@type":"ImageObject","inLanguage":"en-US","@id":"https:\/\/www.atopika.org\/en\/2021\/08\/23\/svetovni-dan-atopijskega-dermatitisa-14-september-2021\/#primaryimage","url":"https:\/\/www.atopika.org\/wp-content\/uploads\/2020\/05\/atopika_2019-288-scaled.jpg","contentUrl":"https:\/\/www.atopika.org\/wp-content\/uploads\/2020\/05\/atopika_2019-288-scaled.jpg","width":2560,"height":1706},{"@type":"BreadcrumbList","@id":"https:\/\/www.atopika.org\/en\/2021\/08\/23\/svetovni-dan-atopijskega-dermatitisa-14-september-2021\/#breadcrumb","itemListElement":[{"@type":"ListItem","position":1,"name":"Home","item":"https:\/\/www.atopika.org\/en\/"},{"@type":"ListItem","position":2,"name":"Svetovni dan atopijskega dermatitisa, 14. september 2021"}]},{"@type":"WebSite","@id":"https:\/\/www.atopika.org\/en\/#website","url":"https:\/\/www.atopika.org\/en\/","name":"Atopika","description":"Zavod za izobra\u017eevanje, svetovanje in podporo bolnikom z atopijskim dermatitisom","publisher":{"@id":"https:\/\/www.atopika.org\/en\/#organization"},"potentialAction":[{"@type":"SearchAction","target":{"@type":"EntryPoint","urlTemplate":"https:\/\/www.atopika.org\/en\/?s={search_term_string}"},"query-input":{"@type":"PropertyValueSpecification","valueRequired":true,"valueName":"search_term_string"}}],"inLanguage":"en-US"},{"@type":"Organization","@id":"https:\/\/www.atopika.org\/en\/#organization","name":"Zavod Atopika","url":"https:\/\/www.atopika.org\/en\/","logo":{"@type":"ImageObject","inLanguage":"en-US","@id":"https:\/\/www.atopika.org\/en\/#\/schema\/logo\/image\/","url":"http:\/\/www.atopika.org\/wp-content\/uploads\/2022\/02\/LOGO-POZITIV-1.png","contentUrl":"http:\/\/www.atopika.org\/wp-content\/uploads\/2022\/02\/LOGO-POZITIV-1.png","width":802,"height":600,"caption":"Zavod Atopika"},"image":{"@id":"https:\/\/www.atopika.org\/en\/#\/schema\/logo\/image\/"},"sameAs":["https:\/\/www.facebook.com\/ZavodAtopika"]},{"@type":"Person","@id":"https:\/\/www.atopika.org\/en\/#\/schema\/person\/49c1087a289bda3e5fceeba66fa27376","name":"Tina Mesari\u010d","image":{"@type":"ImageObject","inLanguage":"en-US","@id":"https:\/\/secure.gravatar.com\/avatar\/8acd14e53995193753c76fa6be86831e7279c112903e394a40c7d96b8cb784c6?s=96&d=mm&r=g","url":"https:\/\/secure.gravatar.com\/avatar\/8acd14e53995193753c76fa6be86831e7279c112903e394a40c7d96b8cb784c6?s=96&d=mm&r=g","contentUrl":"https:\/\/secure.gravatar.com\/avatar\/8acd14e53995193753c76fa6be86831e7279c112903e394a40c7d96b8cb784c6?s=96&d=mm&r=g","caption":"Tina Mesari\u010d"},"sameAs":["https:\/\/atopika.org\/"]}]}},"_links":{"self":[{"href":"https:\/\/www.atopika.org\/en\/wp-json\/wp\/v2\/posts\/5002","targetHints":{"allow":["GET"]}}],"collection":[{"href":"https:\/\/www.atopika.org\/en\/wp-json\/wp\/v2\/posts"}],"about":[{"href":"https:\/\/www.atopika.org\/en\/wp-json\/wp\/v2\/types\/post"}],"author":[{"embeddable":true,"href":"https:\/\/www.atopika.org\/en\/wp-json\/wp\/v2\/users\/4"}],"replies":[{"embeddable":true,"href":"https:\/\/www.atopika.org\/en\/wp-json\/wp\/v2\/comments?post=5002"}],"version-history":[{"count":0,"href":"https:\/\/www.atopika.org\/en\/wp-json\/wp\/v2\/posts\/5002\/revisions"}],"wp:featuredmedia":[{"embeddable":true,"href":"https:\/\/www.atopika.org\/en\/wp-json\/wp\/v2\/media\/2215"}],"wp:attachment":[{"href":"https:\/\/www.atopika.org\/en\/wp-json\/wp\/v2\/media?parent=5002"}],"wp:term":[{"taxonomy":"category","embeddable":true,"href":"https:\/\/www.atopika.org\/en\/wp-json\/wp\/v2\/categories?post=5002"},{"taxonomy":"post_tag","embeddable":true,"href":"https:\/\/www.atopika.org\/en\/wp-json\/wp\/v2\/tags?post=5002"}],"curies":[{"name":"wp","href":"https:\/\/api.w.org\/{rel}","templated":true}]}}